{"id":817,"date":"2019-04-26T01:00:15","date_gmt":"2019-04-25T23:00:15","guid":{"rendered":"https:\/\/ballarini.fr\/loic\/?p=817"},"modified":"2022-11-09T16:00:22","modified_gmt":"2022-11-09T15:00:22","slug":"raconter-le-monde-a-lere-numerique-socioeconomie-des-medias-et-pratiques-journalistiques","status":"publish","type":"post","link":"https:\/\/ballarini.fr\/loic\/2019\/04\/26\/raconter-le-monde-a-lere-numerique-socioeconomie-des-medias-et-pratiques-journalistiques\/","title":{"rendered":"Raconter le monde \u00e0 l\u2019\u00e8re num\u00e9rique. Socio\u00e9conomie des m\u00e9dias et pratiques journalistiques"},"content":{"rendered":"\n<p>Tr\u00e8s heureux d'intervenir ce matin au Regroupement annuel des professeur\u00b7e\u00b7s documentalistes de l'acad\u00e9mie de Reims, \u00e0 l'invitation de Val\u00e9rie Scholt\u00e8s (merci !). Voici ma pr\u00e9sentation, <a rel=\"noreferrer noopener\" aria-label=\"\u00e0 retrouver \u00e9galement ici (s\u2019ouvre dans un nouvel onglet)\" href=\"https:\/\/ballarini.fr\/loic\/c\/2019reims\/\" target=\"_blank\">\u00e0 retrouver \u00e9galement ici<\/a> pour le plein \u00e9cran<\/p>\n\n\n<iframe loading=\"lazy\" src=\"https:\/\/ballarini.fr\/loic\/c\/2019reims\/\" allowfullscreen=\"allowfullscreen\" width=\"100%\" height=\"400px\"><\/iframe>\n\n\n<p>On navigue avec les fl\u00e8ches en bas \u00e0 droite (ou avec le clavier), d'abord de haut en bas puis de gauche \u00e0 droite. Vue d'ensemble avec O, retour avec \u00c9chapp. <\/p>\n","protected":false},"excerpt":{"rendered":"<p>Tr\u00e8s heureux d'intervenir ce matin au Regroupement annuel des professeur\u00b7e\u00b7s documentalistes de l'acad\u00e9mie de Reims, \u00e0 l'invitation de Val\u00e9rie Scholt\u00e8s (merci !). Voici ma pr\u00e9sentation, \u00e0 retrouver \u00e9galement ici pour le plein \u00e9cran On navigue avec les fl\u00e8ches en bas \u00e0 droite (ou avec le clavier), d'abord de haut en bas puis de gauche \u00e0 [&hellip;]<\/p>\n","protected":false},"author":1,"featured_media":0,"comment_status":"open","ping_status":"open","sticky":false,"template":"","format":"standard","meta":{"footnotes":""},"categories":[3,6],"tags":[45,63,67],"class_list":["post-817","post","type-post","status-publish","format-standard","hentry","category-agenda","category-communications","tag-journalisme","tag-professeurs-documentalistes","tag-socioeconomie-des-medias"],"_links":{"self":[{"href":"https:\/\/ballarini.fr\/loic\/wp-json\/wp\/v2\/posts\/817","targetHints":{"allow":["GET"]}}],"collection":[{"href":"https:\/\/ballarini.fr\/loic\/wp-json\/wp\/v2\/posts"}],"about":[{"href":"https:\/\/ballarini.fr\/loic\/wp-json\/wp\/v2\/types\/post"}],"author":[{"embeddable":true,"href":"https:\/\/ballarini.fr\/loic\/wp-json\/wp\/v2\/users\/1"}],"replies":[{"embeddable":true,"href":"https:\/\/ballarini.fr\/loic\/wp-json\/wp\/v2\/comments?post=817"}],"version-history":[{"count":1,"href":"https:\/\/ballarini.fr\/loic\/wp-json\/wp\/v2\/posts\/817\/revisions"}],"predecessor-version":[{"id":913,"href":"https:\/\/ballarini.fr\/loic\/wp-json\/wp\/v2\/posts\/817\/revisions\/913"}],"wp:attachment":[{"href":"https:\/\/ballarini.fr\/loic\/wp-json\/wp\/v2\/media?parent=817"}],"wp:term":[{"taxonomy":"category","embeddable":true,"href":"https:\/\/ballarini.fr\/loic\/wp-json\/wp\/v2\/categories?post=817"},{"taxonomy":"post_tag","embeddable":true,"href":"https:\/\/ballarini.fr\/loic\/wp-json\/wp\/v2\/tags?post=817"}],"curies":[{"name":"wp","href":"https:\/\/api.w.org\/{rel}","templated":true}]}}