{"id":801,"date":"2019-04-10T23:29:00","date_gmt":"2019-04-10T21:29:00","guid":{"rendered":"https:\/\/ballarini.fr\/loic\/?p=801"},"modified":"2022-11-09T16:00:22","modified_gmt":"2022-11-09T15:00:22","slug":"le-grand-debat-et-ce-quil-faut-en-penser","status":"publish","type":"post","link":"https:\/\/ballarini.fr\/loic\/2019\/04\/10\/le-grand-debat-et-ce-quil-faut-en-penser\/","title":{"rendered":"Le Grand d\u00e9bat et ce qu\u2019on peut en penser"},"content":{"rendered":"\n<div class=\"wp-block-media-text alignwide has-media-on-the-right\" style=\"grid-template-columns:auto 42%\"><figure class=\"wp-block-media-text__media\"><img loading=\"lazy\" decoding=\"async\" width=\"768\" height=\"1024\" src=\"https:\/\/ballarini.fr\/loic\/wp-content\/uploads\/2019\/04\/Screenshot_20190417-140402-1-768x1024.jpg\" alt=\"\" class=\"wp-image-808\" srcset=\"https:\/\/ballarini.fr\/loic\/wp-content\/uploads\/2019\/04\/Screenshot_20190417-140402-1-768x1024.jpg 768w, https:\/\/ballarini.fr\/loic\/wp-content\/uploads\/2019\/04\/Screenshot_20190417-140402-1-225x300.jpg 225w, https:\/\/ballarini.fr\/loic\/wp-content\/uploads\/2019\/04\/Screenshot_20190417-140402-1-1152x1536.jpg 1152w, https:\/\/ballarini.fr\/loic\/wp-content\/uploads\/2019\/04\/Screenshot_20190417-140402-1.jpg 1536w\" sizes=\"auto, (max-width: 768px) 100vw, 768px\" \/><\/figure><div class=\"wp-block-media-text__content\">\n<p>Lecture de vacances : <em>Ouest-France<\/em>. Petite analyse rapide et sans pr\u00e9tention de repr\u00e9sentativit\u00e9, mais avec de vrais morceaux de col\u00e8re dedans. Il s'agit du <a href=\"https:\/\/granddebat.fr\/\" target=\"_blank\" rel=\"noreferrer noopener\">Grand d\u00e9bat national<\/a>.\n De la mani\u00e8re dont il va \u00eatre transform\u00e9 (utilis\u00e9) en d\u00e9cisions\npolitiques \u2014 il est d\u00e9j\u00e0, en soi, un acte politique. Celui de travestir\nune fausse consultation (<a href=\"https:\/\/lesjours.fr\/obsessions\/gilets-jaunes\/ep20-debat-en-ligne\/\" target=\"_blank\" rel=\"noreferrer noopener\">questions biais\u00e9es<\/a>, r\u00e8gles codif\u00e9es d'\u00e9quit\u00e9 balay\u00e9es d\u00e8s le d\u00e9part). Comment <em>Ouest-France<\/em> s'en saisit-il ?<\/p>\n<\/div><\/div>\n\n\n<figure class=\"wp-block-image\"><a href=\"https:\/\/ballarini.fr\/loic\/wp-content\/uploads\/2019\/04\/Screenshot_20190417-140410-1.jpg\"><img loading=\"lazy\" decoding=\"async\" width=\"768\" height=\"1024\" src=\"https:\/\/ballarini.fr\/loic\/wp-content\/uploads\/2019\/04\/Screenshot_20190417-140410-1-768x1024.jpg\" alt=\"\" class=\"wp-image-810\" srcset=\"https:\/\/ballarini.fr\/loic\/wp-content\/uploads\/2019\/04\/Screenshot_20190417-140410-1-768x1024.jpg 768w, https:\/\/ballarini.fr\/loic\/wp-content\/uploads\/2019\/04\/Screenshot_20190417-140410-1-225x300.jpg 225w, https:\/\/ballarini.fr\/loic\/wp-content\/uploads\/2019\/04\/Screenshot_20190417-140410-1-1152x1536.jpg 1152w, https:\/\/ballarini.fr\/loic\/wp-content\/uploads\/2019\/04\/Screenshot_20190417-140410-1.jpg 1536w\" sizes=\"auto, (max-width: 768px) 100vw, 768px\" \/><\/a><\/figure>\n\n\n<p>Dimanche 7 avril. \u00ab <em>Le Grand d\u00e9bat r\u00e9v\u00e8le les attentes des Fran\u00e7ais<\/em> \u00bb, annonce en une l'\u00e9dition dominicale du plus diffus\u00e9 des quotidiens fran\u00e7ais. En page 2, l'article est titr\u00e9 \u00ab <em>Grand d\u00e9bat : des surprises dans la synth\u00e8se<\/em> \u00bb. Ah, ils sont forts, \u00e0 <em>Ouest-France<\/em>, ou plut\u00f4t : ils mettent les moyens pour faire du journalisme. Ils sont all\u00e9s t\u00e9l\u00e9charger les donn\u00e9es du d\u00e9bat, les ont analys\u00e9es, et vont nous en r\u00e9sumer les enjeux. Mais non. Ils ont mieux. Une interview de deux ministres, les \u00ab pilotes \u00bb du d\u00e9bat, Emmanuelle Wargon et S\u00e9bastien Lecornu. Qui d\u00e9roulent la communication gouvernementale, balaient d'un revers de main une gentille question sur \u00ab <em>les r\u00e9serves exprim\u00e9es par la pr\u00e9sidente de la CNDP<\/em> \u00bb, qui a \u00e9t\u00e9 <a rel=\"noreferrer noopener\" aria-label=\"honteusement d\u00e9barqu\u00e9e  (s\u2019ouvre dans un nouvel onglet)\" href=\"https:\/\/www.mediapart.fr\/journal\/france\/260119\/grand-debat-les-secrets-d-un-hold\" target=\"_blank\">honteusement d\u00e9barqu\u00e9e <\/a>d\u00e8s le d\u00e9part. Objectif : pr\u00e9parer l'opinion \u00e0 la synth\u00e8se que le Premier ministre doit pr\u00e9senter le lendemain en direct du Grand Palais. Mission accomplie, avec une page exemplaire de journalisme-passe-plat.<\/p>\n\n\n<figure class=\"wp-block-image\"><a href=\"https:\/\/ballarini.fr\/loic\/wp-content\/uploads\/2019\/04\/Screenshot_20190417-140441-1.jpg\"><img loading=\"lazy\" decoding=\"async\" width=\"768\" height=\"1024\" src=\"https:\/\/ballarini.fr\/loic\/wp-content\/uploads\/2019\/04\/Screenshot_20190417-140441-1-768x1024.jpg\" alt=\"\" class=\"wp-image-809\" srcset=\"https:\/\/ballarini.fr\/loic\/wp-content\/uploads\/2019\/04\/Screenshot_20190417-140441-1-768x1024.jpg 768w, https:\/\/ballarini.fr\/loic\/wp-content\/uploads\/2019\/04\/Screenshot_20190417-140441-1-225x300.jpg 225w, https:\/\/ballarini.fr\/loic\/wp-content\/uploads\/2019\/04\/Screenshot_20190417-140441-1-1152x1536.jpg 1152w, https:\/\/ballarini.fr\/loic\/wp-content\/uploads\/2019\/04\/Screenshot_20190417-140441-1.jpg 1536w\" sizes=\"auto, (max-width: 768px) 100vw, 768px\" \/><\/a><figcaption><em>Ouest-France<\/em> du lundi 8 avril<\/figcaption><\/figure>\n\n\n<p>Lundi 8 avril. La synth\u00e8se va \u00eatre pr\u00e9sent\u00e9e aujourd'hui, elle n'est donc pas encore dans le journal. Juste en une, dans l'\u00e9ditorial, sign\u00e9 St\u00e9phane Vernay, l'auteur de l'interview de la veille. Appelant \u00e0 l'av\u00e8nement du \u00ab <em>temps des d\u00e9cisions<\/em> \u00bb, et constatant que le Grand d\u00e9bat a \u00e9t\u00e9 \u00ab <em>un formidable exercice de d\u00e9mocratie participative<\/em> \u00bb, il reconna\u00eet que les Gilets jaunes ne seront certainement pas d'accord avec les d\u00e9cisions du Pr\u00e9sident, qui doit se saisir de ce moment pour r\u00e9affirmer sa l\u00e9gitimit\u00e9. \u00c7a va, l'opinion, vous \u00eates bien pr\u00e9par\u00e9s ?<\/p>\n\n\n<ul class=\"wp-block-gallery columns-2 is-cropped wp-block-gallery-1 is-layout-flex wp-block-gallery-is-layout-flex\"><li class=\"blocks-gallery-item\"><figure><a href=\"https:\/\/ballarini.fr\/loic\/wp-content\/uploads\/2019\/04\/Screenshot_20190417-140504-1-768x1024.jpg\"><img loading=\"lazy\" decoding=\"async\" width=\"768\" height=\"1024\" src=\"https:\/\/ballarini.fr\/loic\/wp-content\/uploads\/2019\/04\/Screenshot_20190417-140504-1-768x1024.jpg\" alt=\"\" data-id=\"812\" data-link=\"https:\/\/ballarini.fr\/loic\/?attachment_id=812\" class=\"wp-image-812\" srcset=\"https:\/\/ballarini.fr\/loic\/wp-content\/uploads\/2019\/04\/Screenshot_20190417-140504-1-768x1024.jpg 768w, https:\/\/ballarini.fr\/loic\/wp-content\/uploads\/2019\/04\/Screenshot_20190417-140504-1-225x300.jpg 225w, https:\/\/ballarini.fr\/loic\/wp-content\/uploads\/2019\/04\/Screenshot_20190417-140504-1-1152x1536.jpg 1152w, https:\/\/ballarini.fr\/loic\/wp-content\/uploads\/2019\/04\/Screenshot_20190417-140504-1.jpg 1536w\" sizes=\"auto, (max-width: 768px) 100vw, 768px\" \/><\/a><\/figure><\/li><li class=\"blocks-gallery-item\"><figure><a href=\"https:\/\/ballarini.fr\/loic\/wp-content\/uploads\/2019\/04\/Screenshot_20190417-140520-1-768x1024.jpg\"><img loading=\"lazy\" decoding=\"async\" width=\"768\" height=\"1024\" src=\"https:\/\/ballarini.fr\/loic\/wp-content\/uploads\/2019\/04\/Screenshot_20190417-140520-1-768x1024.jpg\" alt=\"\" data-id=\"813\" data-link=\"https:\/\/ballarini.fr\/loic\/?attachment_id=813\" class=\"wp-image-813\" srcset=\"https:\/\/ballarini.fr\/loic\/wp-content\/uploads\/2019\/04\/Screenshot_20190417-140520-1-768x1024.jpg 768w, https:\/\/ballarini.fr\/loic\/wp-content\/uploads\/2019\/04\/Screenshot_20190417-140520-1-225x300.jpg 225w, https:\/\/ballarini.fr\/loic\/wp-content\/uploads\/2019\/04\/Screenshot_20190417-140520-1-1152x1536.jpg 1152w, https:\/\/ballarini.fr\/loic\/wp-content\/uploads\/2019\/04\/Screenshot_20190417-140520-1.jpg 1536w\" sizes=\"auto, (max-width: 768px) 100vw, 768px\" \/><\/a><\/figure><\/li><\/ul>\n\n\n<p>Mardi 9 avril. \u00ab <em>Ce qui ressort du Grand d\u00e9bat<\/em> \u00bb, annonce la une. La page 4 est charg\u00e9e de r\u00e9pondre \u00e0 la question \u00ab <em>Que retenir de ces deux mois de Grand d\u00e9bat ?<\/em> \u00bb Sera-t-on \u00e9tonn\u00e9 de d\u00e9couvrir qu'\u00c9douard Philippe est tr\u00e8s content et que tout ce qu'il a lu conforte le gouvernement dans son cap ? M\u00eame pas. \u00c0 croire que les Gilets jaunes seraient tous pr\u00eats \u00e0 voter Macron demain. Dingue. Mais \u00e7a n'a pas l'air d'interroger <em>Ouest-France<\/em>.<\/p>\n\n\n<p>Cette s\u00e9quence me laisse pantois. Le Grand d\u00e9bat a dur\u00e9 3 mois. On en connaissait les failles depuis le d\u00e9but. Il \u00e9tait facile de pr\u00e9parer un dossier m\u00eame pas forc\u00e9ment critique en diable, mais au moins respectueux du fait que la v\u00e9rit\u00e9 ne sort pas que de la bouche des ministres, m\u00eame quand on les a en interview exclusive. \u00c0 croire qu'<em>Ouest-France<\/em>, en deux unes, deux pages compl\u00e8tes plus un \u00e9ditorial, n'avait pas la place pour y caser ne serait-ce qu'un encadr\u00e9.<\/p>\n\n\n<p>Pourtant. Le 8 avril, dans son <a rel=\"noreferrer noopener\" aria-label=\"\u00ab Tout s'explique \u00bb du jour (s\u2019ouvre dans un nouvel onglet)\" href=\"https:\/\/app.brief.me\/article\/2019-04-08-8377-edouard-philippe-presente-une-synthese-du-grand-debat-national\" target=\"_blank\">\u00ab <\/a><em><a rel=\"noreferrer noopener\" aria-label=\"\u00ab Tout s'explique \u00bb du jour (s\u2019ouvre dans un nouvel onglet)\" href=\"https:\/\/app.brief.me\/article\/2019-04-08-8377-edouard-philippe-presente-une-synthese-du-grand-debat-national\" target=\"_blank\">Tout s'explique<\/a><\/em><a rel=\"noreferrer noopener\" aria-label=\"\u00ab Tout s'explique \u00bb du jour (s\u2019ouvre dans un nouvel onglet)\" href=\"https:\/\/app.brief.me\/article\/2019-04-08-8377-edouard-philippe-presente-une-synthese-du-grand-debat-national\" target=\"_blank\"> \u00bb du jour<\/a>, le plus long segment de sa lettre quotidienne d'information, Brief.me avait r\u00e9ussi \u00e0 aborder ce que le gouvernement retient du Grand d\u00e9bat (et pas ce qu'il faut en retenir, nuance de taille), la mani\u00e8re dont les contributions ont \u00e9t\u00e9 analys\u00e9es et par qui (jamais expliqu\u00e9 par <em>Ouest-France<\/em>), et le fait que des chercheurs planchent aussi sur ces donn\u00e9es, que des sociologues ont interrog\u00e9 les participants aux r\u00e9unions locales et les ont en effet trouv\u00e9s bien diff\u00e9rents et plus Macron-compatibles que les Gilets jaunes des ronds-points, enfin que ces derniers ont organis\u00e9 un \u00ab Vrai d\u00e9bat \u00bb lui-m\u00eame <a rel=\"noreferrer noopener\" aria-label=\"analys\u00e9 par des chercheurs (s\u2019ouvre dans un nouvel onglet)\" href=\"https:\/\/www.lerass.com\/opsn\/\" target=\"_blank\">analys\u00e9 par des chercheurs<\/a> (coucou les copains du Lerass). Tout \u00e7a en 2900 signes (vous \u00eates \u00e0 3600 depuis le d\u00e9but de ce billet).<\/p>\n\n\n<figure class=\"wp-block-image\"><a href=\"https:\/\/ballarini.fr\/loic\/wp-content\/uploads\/2019\/04\/Screenshot_2019-04-25-Edouard-Philippe-presente-une-synthese-du-grand-debat-national-Brief-me.png\"><img loading=\"lazy\" decoding=\"async\" width=\"618\" height=\"1024\" src=\"https:\/\/ballarini.fr\/loic\/wp-content\/uploads\/2019\/04\/Screenshot_2019-04-25-Edouard-Philippe-presente-une-synthese-du-grand-debat-national-Brief-me-618x1024.png\" alt=\"\" class=\"wp-image-814\" srcset=\"https:\/\/ballarini.fr\/loic\/wp-content\/uploads\/2019\/04\/Screenshot_2019-04-25-Edouard-Philippe-presente-une-synthese-du-grand-debat-national-Brief-me-618x1024.png 618w, https:\/\/ballarini.fr\/loic\/wp-content\/uploads\/2019\/04\/Screenshot_2019-04-25-Edouard-Philippe-presente-une-synthese-du-grand-debat-national-Brief-me-181x300.png 181w, https:\/\/ballarini.fr\/loic\/wp-content\/uploads\/2019\/04\/Screenshot_2019-04-25-Edouard-Philippe-presente-une-synthese-du-grand-debat-national-Brief-me-768x1272.png 768w, https:\/\/ballarini.fr\/loic\/wp-content\/uploads\/2019\/04\/Screenshot_2019-04-25-Edouard-Philippe-presente-une-synthese-du-grand-debat-national-Brief-me-927x1536.png 927w, https:\/\/ballarini.fr\/loic\/wp-content\/uploads\/2019\/04\/Screenshot_2019-04-25-Edouard-Philippe-presente-une-synthese-du-grand-debat-national-Brief-me.png 948w\" sizes=\"auto, (max-width: 618px) 100vw, 618px\" \/><\/a><\/figure>\n\n\n<p>Tu vois, <em>Ouest-France<\/em> ? C'est possible. Et c'est du journalisme : pr\u00e9cis, sourc\u00e9, faisant appel \u00e0 plusieurs points de vue, et m\u00eame pas fallacieusement orient\u00e9 comme ce billet \u00e9nerv\u00e9 par ta complaisance envers le pouvoir.<br \/><\/p>\n\n\n<p><\/p>\n","protected":false},"excerpt":{"rendered":"<p>Lecture de vacances : Ouest-France. Petite analyse rapide et sans pr\u00e9tention de repr\u00e9sentativit\u00e9, mais avec de vrais morceaux de col\u00e8re dedans. Il s'agit du Grand d\u00e9bat national. De la mani\u00e8re dont il va \u00eatre transform\u00e9 (utilis\u00e9) en d\u00e9cisions politiques \u2014 il est d\u00e9j\u00e0, en soi, un acte politique. Celui de travestir une fausse consultation (questions [&hellip;]<\/p>\n","protected":false},"author":1,"featured_media":0,"comment_status":"open","ping_status":"open","sticky":false,"template":"","format":"standard","meta":{"footnotes":""},"categories":[2],"tags":[30,39,59],"class_list":["post-801","post","type-post","status-publish","format-standard","hentry","category-actualite","tag-deontologie","tag-gilets-jaunes","tag-ouest-france"],"_links":{"self":[{"href":"https:\/\/ballarini.fr\/loic\/wp-json\/wp\/v2\/posts\/801","targetHints":{"allow":["GET"]}}],"collection":[{"href":"https:\/\/ballarini.fr\/loic\/wp-json\/wp\/v2\/posts"}],"about":[{"href":"https:\/\/ballarini.fr\/loic\/wp-json\/wp\/v2\/types\/post"}],"author":[{"embeddable":true,"href":"https:\/\/ballarini.fr\/loic\/wp-json\/wp\/v2\/users\/1"}],"replies":[{"embeddable":true,"href":"https:\/\/ballarini.fr\/loic\/wp-json\/wp\/v2\/comments?post=801"}],"version-history":[{"count":1,"href":"https:\/\/ballarini.fr\/loic\/wp-json\/wp\/v2\/posts\/801\/revisions"}],"predecessor-version":[{"id":914,"href":"https:\/\/ballarini.fr\/loic\/wp-json\/wp\/v2\/posts\/801\/revisions\/914"}],"wp:attachment":[{"href":"https:\/\/ballarini.fr\/loic\/wp-json\/wp\/v2\/media?parent=801"}],"wp:term":[{"taxonomy":"category","embeddable":true,"href":"https:\/\/ballarini.fr\/loic\/wp-json\/wp\/v2\/categories?post=801"},{"taxonomy":"post_tag","embeddable":true,"href":"https:\/\/ballarini.fr\/loic\/wp-json\/wp\/v2\/tags?post=801"}],"curies":[{"name":"wp","href":"https:\/\/api.w.org\/{rel}","templated":true}]}}