{"id":711,"date":"2018-03-21T02:27:41","date_gmt":"2018-03-21T00:27:41","guid":{"rendered":"https:\/\/ballarini.fr\/loic\/?p=711"},"modified":"2022-11-09T16:00:22","modified_gmt":"2022-11-09T15:00:22","slug":"nouveaux-medias-sous-le-clic-la-deontologie","status":"publish","type":"post","link":"https:\/\/ballarini.fr\/loic\/2018\/03\/21\/nouveaux-medias-sous-le-clic-la-deontologie\/","title":{"rendered":"Nouveaux m\u00e9dias : sous le clic, la d\u00e9ontologie\u00a0?"},"content":{"rendered":"<p><div id=\"attachment_713\" style=\"width: 222px\" class=\"wp-caption alignright\"><a href=\"https:\/\/ballarini.fr\/loic\/wp-content\/uploads\/2018\/03\/ebdo-05-1.jpeg\"><img loading=\"lazy\" decoding=\"async\" aria-describedby=\"caption-attachment-713\" class=\"size-medium wp-image-713\" src=\"https:\/\/ballarini.fr\/loic\/wp-content\/uploads\/2018\/03\/ebdo-05-1-212x300.jpeg\" alt=\"ebdo, n\u00ba5, 9 f\u00e9vrier 2018\" width=\"212\" height=\"300\" srcset=\"https:\/\/ballarini.fr\/loic\/wp-content\/uploads\/2018\/03\/ebdo-05-1-212x300.jpeg 212w, https:\/\/ballarini.fr\/loic\/wp-content\/uploads\/2018\/03\/ebdo-05-1-723x1024.jpeg 723w, https:\/\/ballarini.fr\/loic\/wp-content\/uploads\/2018\/03\/ebdo-05-1-768x1088.jpeg 768w, https:\/\/ballarini.fr\/loic\/wp-content\/uploads\/2018\/03\/ebdo-05-1-1085x1536.jpeg 1085w, https:\/\/ballarini.fr\/loic\/wp-content\/uploads\/2018\/03\/ebdo-05-1.jpeg 1446w\" sizes=\"auto, (max-width: 212px) 100vw, 212px\" \/><\/a><p id=\"caption-attachment-713\" class=\"wp-caption-text\">ebdo, n\u00ba5, 9 f\u00e9vrier 2018<\/p><\/div><br \/>\n[<em>Mise \u00e0 jour du 22 mars : l'arr\u00eat de la parution d'<\/em>ebdo <em>est <a href=\"https:\/\/twitter.com\/ebdolejournal\/status\/976784577481060352\" target=\"_blank\" rel=\"noopener\">confirm\u00e9e<\/a>. Pas de tentative de relance du titre: il s'agit de sauver les meubles, soit <\/em>XXI<em> et <\/em>6 Mois<em>. Cf capture dans les commentaires.<\/em>]<br \/>\nEnfin un peu de temps pour \u00e9crire ce billet trop longtemps repouss\u00e9, me disais-je hier soir. Un dernier coup d'\u0153il \u00e0 mon fil Twitter avant de m'y mettre. Et cette nouvelle : \u00ab <a href=\"https:\/\/www.buzzfeed.com\/assmamaad\/deux-mois-apres-son-lancement-ebdo-depose-le-bilan\" target=\"_blank\" rel=\"noopener\">Deux mois apr\u00e8s son lancement, <em>Ebdo<\/em> d\u00e9pose le bilan<\/a> \u00bb. C'est Buzzfeed qui l'annonce, pour l'instant c'est encore d\u00e9menti par la direction, mais confirm\u00e9 par des sources internes. Dans quelques heures ce sera clarifi\u00e9, et dans quelques semaines on saura si le journal survit. Le peut-il ?<br \/>\n<em>Ebdo<\/em> \u00e9tait, \u00ab sur le papier \u00bb (\u00f4 ironie de la formule), un des beaux projets m\u00e9diatiques de cette saison <a href=\"http:\/\/www.lemonde.fr\/actualite-medias\/visuel\/2018\/01\/02\/nouveaux-medias-le-papier-fait-de-la-resistance_5236802_3236.html\" target=\"_blank\" rel=\"noopener\">qui n'en manque pas<\/a>. Sur les r\u00e9seaux socionum\u00e9riques, Monkey et Loopsider ont embo\u00eet\u00e9 le pas \u00e0 Brut, qui se lance \u00e0 l'international, et Explicite, qui se cherche un mod\u00e8le \u00e9conomique (on attend les d\u00e9tails d'une formule sur abonnement). En ligne, Le M\u00e9dia veut faire un autre JT, \u00e0 gauche toute, et AOC entend carr\u00e9ment \u00ab <em>participer \u00e0 la reconstruction de l'espace public et de la d\u00e9mocratie<\/em> \u00bb, comme l'a d\u00e9clar\u00e9 Sylvain Bourmeau la semaine derni\u00e8re aux Assises du journalisme. Ceci pendant que, sur le papier donc, <em>Le Nouveau Magazine litt\u00e9raire<\/em> s'attelle \u00e0 renouveler intellectuellement la gauche. \u00c0 droite, on s'agite aussi : <em>Contre-terrorisme<\/em> est arriv\u00e9 en kiosque, RT sur la TNT et La France libre sur le net. Bref, comme je l'ai \u00e9crit ailleurs : <a href=\"https:\/\/ballarini.fr\/loic\/2017\/11\/13\/medias-en-crise-journalisme-en-reinvention\/\" target=\"_blank\" rel=\"noopener\">la conjoncture est difficile, mais les projets sont l\u00e9gion<\/a>.<\/p>\n<h3>Ebdo, le journal qui sonnait creux<\/h3>\n<p><div id=\"attachment_724\" style=\"width: 222px\" class=\"wp-caption alignleft\"><a href=\"https:\/\/ballarini.fr\/loic\/wp-content\/uploads\/2018\/03\/ebdo-01-1.jpeg\"><img loading=\"lazy\" decoding=\"async\" aria-describedby=\"caption-attachment-724\" class=\"size-medium wp-image-724\" src=\"https:\/\/ballarini.fr\/loic\/wp-content\/uploads\/2018\/03\/ebdo-01-1-212x300.jpeg\" alt=\"ebdo, n\u00ba1, 12 janvier 2018\" width=\"212\" height=\"300\" srcset=\"https:\/\/ballarini.fr\/loic\/wp-content\/uploads\/2018\/03\/ebdo-01-1-212x300.jpeg 212w, https:\/\/ballarini.fr\/loic\/wp-content\/uploads\/2018\/03\/ebdo-01-1-723x1024.jpeg 723w, https:\/\/ballarini.fr\/loic\/wp-content\/uploads\/2018\/03\/ebdo-01-1-768x1088.jpeg 768w, https:\/\/ballarini.fr\/loic\/wp-content\/uploads\/2018\/03\/ebdo-01-1-1085x1536.jpeg 1085w, https:\/\/ballarini.fr\/loic\/wp-content\/uploads\/2018\/03\/ebdo-01-1.jpeg 1446w\" sizes=\"auto, (max-width: 212px) 100vw, 212px\" \/><\/a><p id=\"caption-attachment-724\" class=\"wp-caption-text\">ebdo, n\u00ba1, 12 janvier 2018<\/p><\/div><br \/>\nCertains de ces projets \u00e9taient plus prometteurs que d'autres, <em>Ebdo<\/em> appartenant sans conteste \u00e0 cette cat\u00e9gorie. Il annon\u00e7ait, dans son <a href=\"https:\/\/www.ebdo-lejournal.com\/manifeste\" target=\"_blank\" rel=\"noopener\">manifeste<\/a>, \u00ab\u00a0<em>un journal \u00e0 haute valeur ajout\u00e9e<\/em> \u00bb, et l'on \u00e9tait tent\u00e9 d'y croire : n'\u00e9tait-il pas lanc\u00e9 par les fondateurs des revues <em>XXI<\/em> et <em>6 Mois<\/em>, r\u00e9f\u00e9rences en termes de reportage et de photojournalisme ? Le d\u00e9senchantement fut rapide. D\u00e8s le premier num\u00e9ro, le dossier de une sur la SNCF sonnait creux. On peut pardonner une couverture moche (Dieu qu'elle l'\u00e9tait !), mais on veut de l'info ! Or, d'article en dossier, on peinait \u00e0 en trouver\u2026 Thierry Mandon, ancien ministre et directeur de la publication, avait beau, sur les plateaux et lors de la Nuit des id\u00e9es, \u00e0 Paris, clamer qu'<em>Ebdo<\/em> faisait de l'\u00e9ducation populaire ((L'\u00e9ducation populaire, mon vieux, <a href=\"http:\/\/www.education-populaire.fr\/definition\/\" target=\"_blank\" rel=\"noopener\">\u00e7a a un sens<\/a>. Demander aux lecteurs des id\u00e9es de sujets, se faire h\u00e9berger par eux en reportage, c'est cool et \u00ab participatif \u00bb si tu veux, mais \u00e7a n'est pas de l'<a href=\"http:\/\/www.scoplepave.org\/l-education-populaire-monsieur-ils-n-en-ont-pas\" target=\"_blank\" rel=\"noopener\">\u00e9ducation populaire<\/a>.)) et visait celleux qui se sont \u00e9loign\u00e9\u00b7e\u00b7s de la lecture des hebdos pour les reconqu\u00e9rir, il suffisait de lire le journal pour se rendre compte qu'on n'y \u00e9tait pas. Pas assez proche de l'actu, pas assez original en magazine, pas assez fouill\u00e9 dans les dossiers. Malgr\u00e9 un format plaisant, des journalistes pas manchots, quelques id\u00e9es graphiques, \u00e7a tournait \u00e0 vide.<br \/>\nEt puis, le crash : l'\u00ab affaire Nicolas Hulot \u00bb, grand titre du num\u00e9ro 5, paru le 9 f\u00e9vrier. Le dossier qu'il ne fallait pas sortir, malgr\u00e9 les d\u00e9n\u00e9gations de <a href=\"https:\/\/twitter.com\/ebdolejournal\/status\/961650168167849987\" target=\"_blank\" rel=\"noopener\">Laurent Beccaria<\/a>. Des faits non caract\u00e9ris\u00e9s, des documents de justice non consult\u00e9s\u2026 Un vrai ratage. Et grave : car s'il y a vraiment quelque chose contre Hulot, s'il a vraiment viol\u00e9 une photographe, alors ce papier, semblant sorti \u00e0 la va-vite pour ne pas se faire griller une exclu et pousser des ventes faiblardes, fait plus de mal que de bien. On ne r\u00e9v\u00e8le pas une affaire sans \u00e9l\u00e9ments probants. On ne r\u00e9v\u00e8le pas un scandale <a href=\"http:\/\/atelier.rfi.fr\/profiles\/blogs\/fabrice-arfi-les-lecons-de-journalisme-de-l-affaire-cahuzac\" target=\"_blank\" rel=\"noopener\">sans en avoir encore dans la manche<\/a> pour parer aux in\u00e9vitables attaques. L\u00e0, rien. Dans le num\u00e9ro suivant, une seule justification : on avait l'info, il fallait la sortir, fermez le ban.<br \/>\nLa suite est impitoyable : les ventes, relanc\u00e9es l\u00e9g\u00e8rement le temps du num\u00e9ro \u00ab affaire \u00bb, s'<a href=\"http:\/\/www.liberation.fr\/debats\/2018\/03\/11\/coup-d-arret-a-ebdo_1635347\" target=\"_blank\" rel=\"noopener\">effondrent<\/a>. Le tour de table pr\u00e9vu (et peut-\u00eatre tenu pour acquis ?) <a href=\"http:\/\/www.liberation.fr\/france\/2018\/03\/15\/ebdo-deja-en-lutte-pour-sa-survie-financiere_1636490\" target=\"_blank\" rel=\"noopener\">capote<\/a>. D\u00e9p\u00f4t de bilan.<\/p>\n<h3>Le M\u00e9dia, le JT qui d\u00e9rape<\/h3>\n<p>Et j'en reviens \u00e0 l'id\u00e9e de d\u00e9part de ce billet : parmi les nouveaux m\u00e9dias r\u00e9cemment lanc\u00e9s, et qui promettent tous, d'une mani\u00e8re ou d'une autre, de renouveler le journalisme, on n'est pas toujours tr\u00e8s clair avec la d\u00e9ontologie. Tout en s'en r\u00e9clamant, parfois \u00e0 cor et \u00e0 cri. Deux semaines apr\u00e8s l'enqu\u00eate sans \u00e9l\u00e9ments d'<em>ebdo<\/em>, c'est Le M\u00e9dia qui entend donner une le\u00e7on de journalisme \u00e0 toute la profession. Dans une s\u00e9quence qui a depuis fait le tour du net, le correspondant au Liban Claude El Khal explique le choix du M\u00e9dia ne pas diffuser d'images de la Ghouta orientale, alors sous le feu du r\u00e9gime syrien, car aucune information sourc\u00e9e et v\u00e9rifi\u00e9e ne pourrait venir de cette zone.<br \/>\n<iframe loading=\"lazy\" src=\"https:\/\/www.youtube.com\/embed\/E7_CE121PIo?rel=0&amp;start=1094\" width=\"560\" height=\"315\" frameborder=\"0\" allowfullscreen=\"allowfullscreen\"><\/iframe><br \/>\nQu'importe si de nombreux reporters, agences de presse et civils font depuis longtemps un travail difficile pour informer sur la Syrie. Qu'importe si <a href=\"https:\/\/making-of.afp.com\/dans-lenfer-de-la-ghouta\" target=\"_blank\" rel=\"noopener\">le r\u00e9cit d'Abdulmonam Eassa<\/a>, photographe de l'AFP vivant dans la Ghouta orientale et expliquant son quotidien dans un article poignant, avait \u00e9t\u00e9 publi\u00e9 dix jours plus t\u00f4t et avait \u00e9t\u00e9 largement partag\u00e9, notamment par des journalistes. Qu'importe. Claude El Khal nie tout ce travail et renvoie dos \u00e0 dos des bellig\u00e9rants de tr\u00e8s in\u00e9gale force au nom du pacifisme. Sur les r\u00e9seaux socionum\u00e9riques, puis dans les gazettes, l'affaire a vite tourn\u00e9 vinaigre et les invectives ont fleuri. Sophia Chikirou, fondatrice du M\u00e9dia, y a r\u00e9pondu dans un <a href=\"https:\/\/www.lemediatv.fr\/articles\/syrie-claude-el-khal-raison\" target=\"_blank\" rel=\"noopener\">article<\/a> et une <a href=\"https:\/\/twitter.com\/LeMediaTV\/status\/968887834730991617\" target=\"_blank\" rel=\"noopener\">vid\u00e9o ahurissante<\/a>, \u00e0 la fin de laquelle elle se fait applaudir par une \u00e9quipe aussi unanime \u00e0 l'\u00e9cran que min\u00e9e en coulisse <a href=\"http:\/\/www.lemonde.fr\/actualite-medias\/article\/2018\/03\/14\/gael-brustier-quitte-a-son-tour-le-media_5270913_3236.html\" target=\"_blank\" rel=\"noopener\">par une s\u00e9rie de d\u00e9parts<\/a>.<br \/>\nIl aurait \u00e9t\u00e9 facile de faire cesser la crise. Puisque Claude El Khal avait prof\u00e9r\u00e9 <a href=\"https:\/\/lundi.am\/Le-Media-sur-la-Syrie-naufrage-du-journalisme-alternatif\" target=\"_blank\" rel=\"noopener\">quelques \u00e9normes conneries<\/a>, il suffisait de l'admettre et de passer \u00e0 autre chose. Mieux g\u00e9rer la sortie\/\u00e9viction d'Aude Rossigneux, par exemple, et se concentrer sur ce qui fait la force du M\u00e9dia : une autre hi\u00e9rarchie de l'information, que les confr\u00e8res <a href=\"https:\/\/lundi.am\/Le-Media-sur-la-Syrie-naufrage-du-journalisme-alternatif\" target=\"_blank\" rel=\"noopener\">commen\u00e7aient \u00e0 saluer<\/a>. Mais non : un mois plus tard, les dirigeants du M\u00e9dia continuent \u00e0 soutenir mordicus Claude El Khal. Or celui-ci n'a pas agi comme un chroniqueur, un invit\u00e9, ou m\u00eame un expert qui n'aurait parl\u00e9 qu'en son nom ((Apr\u00e8s tout, les nombreuses sorties racistes des Zemmour, Finkielkraut &amp; cie ne valent pas d\u00e9cr\u00e9dibilisation aux complaisants m\u00e9dias qui les invitent.)). Claude El Khal a parl\u00e9 au nom de la r\u00e9daction, a dit \u00ab <em>nous<\/em> \u00bb, et a pr\u00e9sent\u00e9 son papier comme l'explication d'une position commune. En cela, il a sombr\u00e9 <a href=\"https:\/\/www.slate.fr\/story\/158272\/desinformation-syrie-media-goutha\" target=\"_blank\" rel=\"noopener\">dans les ambigu\u00eft\u00e9s d'une certaine gauche<\/a> \u00e0 propos de la Syrie, et Le M\u00e9dia a l'air de vouloir couler avec lui.<\/p>\n<h3>Loopsider, la simplification tourne en boucle<\/h3>\n<p>Mon troisi\u00e8me exemple remonte \u00e0 janvier, et au premier succ\u00e8s viral de Loopsider.<\/p>\n<blockquote class=\"twitter-tweet\" data-width=\"550\" data-dnt=\"true\">\n<p lang=\"fr\" dir=\"ltr\">On est en 2018, et une des plus grandes romanci\u00e8res au monde doit expliquer qu&#39;il y a des librairies dans son pays. Restez jusqu&#39;au bout pour voir la r\u00e9ponse brillante de Chimamanda Adichie : <a href=\"https:\/\/t.co\/C3o7CJXEc7\">pic.twitter.com\/C3o7CJXEc7<\/a><\/p>\n<p>&mdash; Loopsider (@Loopsidernews) <a href=\"https:\/\/twitter.com\/Loopsidernews\/status\/956848103541403648?ref_src=twsrc%5Etfw\">January 26, 2018<\/a><\/p><\/blockquote>\n<p><script async src=\"https:\/\/platform.twitter.com\/widgets.js\" charset=\"utf-8\"><\/script><br \/>\nPour l'analyse de cette s\u00e9quence au cours de laquelle une tentative (rat\u00e9e) d'ironie de la part de la journaliste Caroline Brou\u00e9 en direction\u00a0de l'\u00e9crivaine Chimamanda Ngozi Adichie est prise pour du racisme, je vous renvoie \u00e0 <a href=\"http:\/\/imagesociale.fr\/5601\" target=\"_blank\" rel=\"noopener\">Andr\u00e9 Gunthert<\/a>. Et \u00e0 sa conclusion : \u00ab <em>L\u2019industrialisation de la conflictualit\u00e9 n\u2019appara\u00eet pas comme un horizon, mais bien comme une limite du journalisme.<\/em> \u00bb Dans le cas de Loopsider et des formats vid\u00e9os viraux, la n\u00e9cessaire simplification, la facilit\u00e9 du clash peuvent avoir un effet (une rentabilit\u00e9 ?) sur le coup, mais on est loin de la refondation de l'espace public voulue par Sylvain Bourmeau. Dans le cas du M\u00e9dia, sous couvert de pacifisme, on alimente une rivalit\u00e9 entre le \u00ab eux \u00bb (les \u00ab m\u00e9dias dominants \u00bb, corrompus et biais\u00e9s) et le \u00ab nous \u00bb, n\u00e9cessairement vertueux, jusque dans ses aveuglements. Enfin, chez <em>ebdo<\/em>, c'est la surench\u00e8re interpr\u00e9tative qui fait d\u00e9raper : en cr\u00e9ant un conflit l\u00e0 o\u00f9 il n'y a pas (encore) de faits av\u00e9r\u00e9s, le journal se fourvoie et perd la confiance de ses rares lecteurs.<br \/>\n<div id=\"attachment_721\" style=\"width: 236px\" class=\"wp-caption alignright\"><a href=\"https:\/\/ballarini.fr\/loic\/wp-content\/uploads\/2018\/03\/Vraiment-01-1.jpeg\"><img loading=\"lazy\" decoding=\"async\" aria-describedby=\"caption-attachment-721\" class=\"size-medium wp-image-721\" src=\"https:\/\/ballarini.fr\/loic\/wp-content\/uploads\/2018\/03\/Vraiment-01-1-226x300.jpeg\" alt=\"Vraiment, n\u00ba1, 21 mars 2018\" width=\"226\" height=\"300\" srcset=\"https:\/\/ballarini.fr\/loic\/wp-content\/uploads\/2018\/03\/Vraiment-01-1-226x300.jpeg 226w, https:\/\/ballarini.fr\/loic\/wp-content\/uploads\/2018\/03\/Vraiment-01-1.jpeg 582w\" sizes=\"auto, (max-width: 226px) 100vw, 226px\" \/><\/a><p id=\"caption-attachment-721\" class=\"wp-caption-text\">Vraiment, n\u00ba1, 21 mars 2018<\/p><\/div><br \/>\nAlors quoi, faut-il rejeter la conflictualit\u00e9 pour lancer un nouveau m\u00e9dia ? Faire du \u00ab journalisme de solutions \u00bb ? Aujourd'hui 21 mars sort le premier num\u00e9ro de <em>Vraiment<\/em>. Un journal qui se veut \u00ab <em>apolitique<\/em> \u00bb ((Dans l'\u00e9dito du num\u00e9ro z\u00e9ro.)) et factuel. Vraiment ? Deux de ses trois cofondateurs sont des anciens du cabinet d'Emmanuel Macron quand il \u00e9tait ministre de l'\u00c9conomie. Apolitique, donc. Une autre illusion dont il serait bon que les journalistes se d\u00e9fassent. Car si l'exacerbation de la conflictualit\u00e9 cache mal la pauvret\u00e9 de la pens\u00e9e, la mise en avant d'une quelconque objectivit\u00e9 n'est bien souvent que le faux nez de l'adh\u00e9sion au r\u00e9gime de v\u00e9rit\u00e9 dominant. En mati\u00e8re de d\u00e9ontologie, ce n'est pas tout \u00e0 fait l'id\u00e9al non plus.<\/p>\n","protected":false},"excerpt":{"rendered":"<p>[Mise \u00e0 jour du 22 mars : l'arr\u00eat de la parution d'ebdo est confirm\u00e9e. Pas de tentative de relance du titre: il s'agit de sauver les meubles, soit XXI et 6 Mois. Cf capture dans les commentaires.] Enfin un peu de temps pour \u00e9crire ce billet trop longtemps repouss\u00e9, me disais-je hier soir. Un dernier [&hellip;]<\/p>\n","protected":false},"author":1,"featured_media":0,"comment_status":"open","ping_status":"open","sticky":false,"template":"","format":"standard","meta":{"footnotes":""},"categories":[7],"tags":[17,33,49,51,72],"class_list":["post-711","post","type-post","status-publish","format-standard","hentry","category-decidela","tag-aoc","tag-ebdo","tag-le-media","tag-loopsider","tag-vraiment"],"_links":{"self":[{"href":"https:\/\/ballarini.fr\/loic\/wp-json\/wp\/v2\/posts\/711","targetHints":{"allow":["GET"]}}],"collection":[{"href":"https:\/\/ballarini.fr\/loic\/wp-json\/wp\/v2\/posts"}],"about":[{"href":"https:\/\/ballarini.fr\/loic\/wp-json\/wp\/v2\/types\/post"}],"author":[{"embeddable":true,"href":"https:\/\/ballarini.fr\/loic\/wp-json\/wp\/v2\/users\/1"}],"replies":[{"embeddable":true,"href":"https:\/\/ballarini.fr\/loic\/wp-json\/wp\/v2\/comments?post=711"}],"version-history":[{"count":1,"href":"https:\/\/ballarini.fr\/loic\/wp-json\/wp\/v2\/posts\/711\/revisions"}],"predecessor-version":[{"id":917,"href":"https:\/\/ballarini.fr\/loic\/wp-json\/wp\/v2\/posts\/711\/revisions\/917"}],"wp:attachment":[{"href":"https:\/\/ballarini.fr\/loic\/wp-json\/wp\/v2\/media?parent=711"}],"wp:term":[{"taxonomy":"category","embeddable":true,"href":"https:\/\/ballarini.fr\/loic\/wp-json\/wp\/v2\/categories?post=711"},{"taxonomy":"post_tag","embeddable":true,"href":"https:\/\/ballarini.fr\/loic\/wp-json\/wp\/v2\/tags?post=711"}],"curies":[{"name":"wp","href":"https:\/\/api.w.org\/{rel}","templated":true}]}}