{"id":693,"date":"2017-11-13T00:16:39","date_gmt":"2017-11-12T22:16:39","guid":{"rendered":"https:\/\/ballarini.fr\/loic\/?p=693"},"modified":"2022-11-09T16:00:22","modified_gmt":"2022-11-09T15:00:22","slug":"medias-en-crise-journalisme-en-reinvention","status":"publish","type":"post","link":"https:\/\/ballarini.fr\/loic\/2017\/11\/13\/medias-en-crise-journalisme-en-reinvention\/","title":{"rendered":"M\u00e9dias en crise, journalisme en r\u00e9invention"},"content":{"rendered":"<p><a href=\"https:\/\/ballarini.fr\/loic\/wp-content\/uploads\/2017\/11\/studio-1.jpg\"><img loading=\"lazy\" decoding=\"async\" class=\"alignright wp-image-694 size-medium\" title=\"Retour vers le futur - \u00ab A portable television studio. \u00bb\" src=\"https:\/\/ballarini.fr\/loic\/wp-content\/uploads\/2017\/11\/studio-1-278x300.jpg\" alt=\"Retour vers le futur - \u00ab A portable television studio. \u00bb\" width=\"278\" height=\"300\" srcset=\"https:\/\/ballarini.fr\/loic\/wp-content\/uploads\/2017\/11\/studio-1-278x300.jpg 278w, https:\/\/ballarini.fr\/loic\/wp-content\/uploads\/2017\/11\/studio-1-948x1024.jpg 948w, https:\/\/ballarini.fr\/loic\/wp-content\/uploads\/2017\/11\/studio-1-768x829.jpg 768w, https:\/\/ballarini.fr\/loic\/wp-content\/uploads\/2017\/11\/studio-1-1422x1536.jpg 1422w, https:\/\/ballarini.fr\/loic\/wp-content\/uploads\/2017\/11\/studio-1-1568x1693.jpg 1568w, https:\/\/ballarini.fr\/loic\/wp-content\/uploads\/2017\/11\/studio-1.jpg 1626w\" sizes=\"auto, (max-width: 278px) 100vw, 278px\" \/><\/a>Tr\u00e8s heureux d'avoir \u00e9t\u00e9 sollicit\u00e9 par la revue <a href=\"https:\/\/apden.org\/spip.php?page=catalogue\" target=\"_blank\" rel=\"noopener\"><em>M\u00e9diadoc<\/em><\/a> pour un texte de synth\u00e8se sur les \u00e9volutions contemporaines du journalisme. <em>M\u00e9diadoc<\/em> est \u00e9dit\u00e9e par l'Association des professeurs documentalistes de l'\u00c9ducation nationale (<a href=\"https:\/\/apden.org\/\" target=\"_blank\" rel=\"noopener\">APDEN<\/a>) : merci \u00e0 elle, et en particulier \u00e0 <a href=\"https:\/\/twitter.com\/gwildaz\" target=\"_blank\" rel=\"noopener\">Gildas Dimier<\/a>, qui a support\u00e9 mes retards avec bienveillance, a \u00e9t\u00e9 un relecteur attentif et a s\u00e9lectionn\u00e9 les exemples d'activit\u00e9s p\u00e9dagogiques qui accompagnent le papier.<br \/>\nMon article s'appelle donc \u00ab M\u00e9dias en crise, journalisme en r\u00e9invention \u00bb. Il est au sommaire du num\u00e9ro 19 de <em>M\u00e9diadoc<\/em> ainsi qu'en <a href=\"http:\/\/www.apden.org\/Medias-en-crise-journalisme-en.html\" target=\"_blank\" rel=\"noopener\">libre consultation et t\u00e9l\u00e9chargement sur le site de la revue<\/a>. Ce billet en reprend la bibliographie et la compl\u00e8te de r\u00e9f\u00e9rences qui n'apparaissent pas dans l'article, principalement pour des raisons de lisibilit\u00e9 (il y a d\u00e9j\u00e0 trop de notes de bas de page), mais aussi de choix (on ne peut \u00e9videmment pas tout dire en un papier). Puisqu'elles ont nourri les r\u00e9flexions ayant conduit \u00e0 son \u00e9criture, les voici en partage.<br \/>\n(<em>note : cette bibliographie est \u00e9videmment loin d'\u00eatre exhaustive et est appel\u00e9e \u00e0 \u00e9voluer dans le temps ; des r\u00e9f\u00e9rences scientifiques et journalistiques y sont m\u00eal\u00e9es<\/em>)<br \/>\n(<em>mis \u00e0 jour le 3 janvier 2018 pour la parution de la revue<\/em>)<\/p>\n<h3>M\u00e9dias et information m\u00e9diatique<\/h3>\n<p>Cag\u00e9 Julia et Godechot Olivier (dir.), 2017. <a href=\"http:\/\/www.sciencespo.fr\/liepp\/fr\/content\/qui-possede-les-medias-une-analyse-de-lactionnariat-des-medias\" target=\"_blank\" rel=\"noopener\"><em>The Media Independence Project. Who Owns the Media?<\/em><\/a>, SciencesPo\/Reporters sans fronti\u00e8res.<br \/>\nCag\u00e9 Julia, Herv\u00e9 Nicolas et Viaud Marie-Luce, 2017. <a href=\"http:\/\/www.inatheque.fr\/publications-evenements\/publications-2017\/l-information-tout-prix.html\" target=\"_blank\" rel=\"noopener\"><em>L'Information \u00e0 tout prix<\/em><\/a>, Paris : INA \u00e9ditions, coll. \u00ab M\u00e9dias et humanit\u00e9s \u00bb, 170 p.<br \/>\nEustache Sophie et Trochet Jessica, 2017. \u00ab\u00a0<a href=\"https:\/\/www.monde-diplomatique.fr\/2017\/08\/EUSTACHE\/57804\" target=\"_blank\" rel=\"noopener\">De l\u2019information au pi\u00e8ge \u00e0 clics.\u00a0Ce qui se cache derri\u00e8re Melty, Konbini, Buzzfeed\u2026<\/a>\u00a0\u00bb, <i>Le Monde diplomatique<\/i>, ao\u00fbt 2017, p. 21.<br \/>\nFleury B\u00e9atrice et Walter Jacques (dir.), 2014. \u00ab\u00a0<a href=\"https:\/\/rfsic.revues.org\/992\" target=\"_blank\" rel=\"noopener\">\u00c9tat des recherches en SIC sur l\u2019information m\u00e9diatique<\/a>\u00a0\u00bb, <i>Revue fran\u00e7aise des sciences de l\u2019information et de la communication<\/i>, n\u00ba5.<br \/>\nMerzeau Louise, 2017. \u00ab\u00a0<a href=\"http:\/\/www.inaglobal.fr\/idees\/article\/les-fake-news-miroir-grossissant-de-luttes-d-influences-9713\" target=\"_blank\" rel=\"noopener\">Les fake news, miroir grossissant de luttes d\u2019influences<\/a>\u00a0\u00bb, Ina Global, mis en ligne le 19\/05\/2017.<br \/>\nRingoot Roselyne, 2004. \u00ab\u00a0 Discours journalistique : analyser le discours de la presse au prisme de la ligne \u00e9ditoriale \u00bb, in Ringoot Roselyne et Robert-Demontrond Philippe, <a href=\"http:\/\/www.editions-apogee.com\/collections-1\/methodes-de-recherche-en-sciences-humaines-et-sociales-1\/analyse-de-discours-l.html\" target=\"_blank\" rel=\"noopener\"><em>L'Analyse de discours<\/em><\/a>, Rennes : Apog\u00e9e.<br \/>\n\u00ab\u00a0<a href=\"https:\/\/www.monde-diplomatique.fr\/cartes\/PPA\" target=\"_blank\" rel=\"noopener\">M\u00e9dias fran\u00e7ais\u00a0: qui poss\u00e8de quoi<\/a>\u00a0\u00bb, infographie r\u00e9guli\u00e8rement mise \u00e0 jour par <i>Le Monde Diplomatique.<\/i><\/p>\n<h3>\u00c9cosyst\u00e8me num\u00e9rique<\/h3>\n<p>Ertzscheid Olivier, 2016. \u00ab <a href=\"http:\/\/affordance.typepad.com\/mon_weblog\/2016\/11\/un-algorithme-est-un-editorialiste-comme-les-autres.html\" target=\"_blank\" rel=\"noopener\">Un algorithme est un \u00e9ditorialiste comme un autre<\/a> \u00bb, affordance.info, mis en ligne le 15\/11\/2016.<br \/>\nPignard-Cheynel Nathalie, Richard Jessica et Rumignani Marie, 2017. \u00ab <a href=\"https:\/\/theconversation.com\/au-dela-du-mur-lalgorithme-de-facebook-mis-a-lepreuve-84295\" target=\"_blank\" rel=\"noopener\">Au-del\u00e0 du mur : l'algorithme de Facebook mis \u00e0 l'\u00e9preuve<\/a> \u00bb, The Conversation France, mis en ligne le 25\/09\/2017.<br \/>\nSmyrnaios Nikos, 2017. <a href=\"http:\/\/www.inatheque.fr\/publications-evenements\/publications-2017\/les-gafam-contre-l-internet-une-economie-politique-du-numerique.html\" target=\"_blank\" rel=\"noopener\"><em>Les GAFAM contre l'Internet. Une \u00e9conomie politique du num\u00e9rique<\/em><\/a>, Paris : INA \u00e9ditions, coll. \u00ab \u00c9tudes et controverses \u00bb.<\/p>\n<h3>Journalisme (pratiques, profession, conditions de travail\u2026)<\/h3>\n<p>Accardo Alain (dir.), 2007. <a href=\"https:\/\/agone.org\/elements\/journalistesprecairesjournalistesauquotidien\/\" target=\"_blank\" rel=\"noopener\"><em>Journalistes pr\u00e9caires, journalistes au quotidien<\/em><\/a>, Marseille : Agone, 896 p.<br \/>\nLe Bohec Jacques, 2000. <a href=\"http:\/\/www.editions-harmattan.fr\/index.asp?navig=catalogue&amp;obj=livre&amp;no=9485\" target=\"_blank\" rel=\"noopener\"><em>Les Mythes professionnels des journalistes<\/em><\/a>, Paris : L'Harmattan, 396 p.<br \/>\nReporters sans fronti\u00e8res. <em><a href=\"https:\/\/rsf.org\/fr\/classement\" target=\"_blank\" rel=\"noopener\">Le Classement mondial de la libert\u00e9 de la presse<\/a>.<\/em><br \/>\nRingoot Roselyne et Utard Jean-Michel (dir.), 2006. <em><a href=\"http:\/\/www.pur-editions.fr\/detail.php?idOuv=1032\" target=\"_blank\" rel=\"noopener\">Le journalisme en invention. Nouvelles pratiques, nouveaux acteurs<\/a><\/em>, Rennes : Presses universitaires de Rennes, coll. \u00ab\u00a0Res Publica \u00bb, 218 p.<br \/>\nRuellan Denis, 2007. <a href=\"https:\/\/www.pug.fr\/produit\/19\/9782706114019\/Le%20Journalisme%20ou%20le%20professionnalisme%20du%20flou\" target=\"_blank\" rel=\"noopener\"><em>Le Journalisme ou le professionnalisme du flou<\/em><\/a>, Grenoble : Presses Universitaires de Grenoble, 2007.<\/p>\n<h3>Journalistes (statistiques, parcours)<\/h3>\n<p>CCIJP (Commission de la carte d\u2019identit\u00e9 des journalistes professionnels), 2017. <a href=\"http:\/\/ccijp.net\/article-33-cartes-attribuees-en.html\" target=\"_blank\" rel=\"noopener\"><i>35238 cartes attribu\u00e9es en 2016<\/i><\/a>.<br \/>\nCCIJP, <a href=\"http:\/\/ccijp.net\/article-10-conditions-d-attribution-de-la-carte-professionnelle.html\" target=\"_blank\" rel=\"noopener\">Conditions d'attribution de la carte professionnelle<\/a>.<br \/>\nDa Lage Olivier, 2011. <a href=\"https:\/\/www.edisens.fr\/communication-medias\/metier-journaliste\/obtenir-sa-carte-de-presse\" target=\"_blank\" rel=\"noopener\"><em>Obtenir sa carte de presse et la conserver<\/em><\/a>, Paris : Victoires \u00c9ditions, coll. \u00ab M\u00e9tier journaliste \u00bb, 2e \u00e9d., 202 p., 15\u20ac.<br \/>\nIFP\/Carism, 2017. <a href=\"https:\/\/metiers-presse.org\/insertion-parcours-journalistes\/\" target=\"_blank\" rel=\"noopener\"><i>L'Insertion et les parcours professionnels des dipl\u00f4m\u00e9s de formations en journalisme<\/i><\/a>, 146\u00a0p.<br \/>\nLeteinturier Christine (dir.), 2014. <em>Les Journalistes fran\u00e7ais et leur environnement\u00a0: 1990-2012. Le cas de la presse d\u2019information g\u00e9n\u00e9rale et politique<\/em>, Paris : \u00c9d.\u00a0Panth\u00e9on-Assas, 240 p., 35\u20ac. <a href=\"http:\/\/questionsdecommunication.revues.org\/9474\" target=\"_blank\" rel=\"noopener\">Lire ici ma note de lecture<\/a>.<br \/>\nLeteinturier Christine et Frisque C\u00e9gol\u00e8ne (dir.), 2015. <em>Les Espaces professionnels des journalistes. Des corpus quantitatifs aux analyses qualitatives<\/em>, Paris : \u00c9d.\u00a0Panth\u00e9on-Assas, 226 p., 27\u20ac.<\/p>\n<h3>Diffusion des m\u00e9dias<\/h3>\n<p class=\"sdfootnote-western\">Mesure des audiences de la t\u00e9l\u00e9vision, de la radio et d'Internet : <a href=\"https:\/\/www.mediametrie.fr\" target=\"_blank\" rel=\"noopener\">M\u00e9diam\u00e9trie<\/a>, dont le <a href=\"https:\/\/www.mediametrie.fr\/television\/communiques\/l-audience-de-la-television-en-2016.php?id=1589\" target=\"_blank\" rel=\"noopener\"><i>M\u00e9diamat annuel 2016<\/i><\/a>.<\/p>\n<p>Mesure de la diffusion de la presse \u00e9crite et d'Internet : <a href=\"http:\/\/acpm.fr\/\" target=\"_blank\" rel=\"noopener\">ACPM<\/a>.<br \/>\nAudience, diffusion, chiffre d'affaires : <a href=\"http:\/\/www.culturecommunication.gouv.fr\/Thematiques\/Presse\/Chiffres-statistiques\" target=\"_blank\" rel=\"noopener\">statistiques en open data<\/a> du minist\u00e8re de la Culture et de la communication.<\/p>\n","protected":false},"excerpt":{"rendered":"<p>Tr\u00e8s heureux d'avoir \u00e9t\u00e9 sollicit\u00e9 par la revue M\u00e9diadoc pour un texte de synth\u00e8se sur les \u00e9volutions contemporaines du journalisme. M\u00e9diadoc est \u00e9dit\u00e9e par l'Association des professeurs documentalistes de l'\u00c9ducation nationale (APDEN) : merci \u00e0 elle, et en particulier \u00e0 Gildas Dimier, qui a support\u00e9 mes retards avec bienveillance, a \u00e9t\u00e9 un relecteur attentif et [&hellip;]<\/p>\n","protected":false},"author":1,"featured_media":0,"comment_status":"open","ping_status":"open","sticky":false,"template":"","format":"standard","meta":{"footnotes":""},"categories":[10],"tags":[37,45,54],"class_list":["post-693","post","type-post","status-publish","format-standard","hentry","category-publications","tag-fake-news","tag-journalisme","tag-mediadoc"],"_links":{"self":[{"href":"https:\/\/ballarini.fr\/loic\/wp-json\/wp\/v2\/posts\/693","targetHints":{"allow":["GET"]}}],"collection":[{"href":"https:\/\/ballarini.fr\/loic\/wp-json\/wp\/v2\/posts"}],"about":[{"href":"https:\/\/ballarini.fr\/loic\/wp-json\/wp\/v2\/types\/post"}],"author":[{"embeddable":true,"href":"https:\/\/ballarini.fr\/loic\/wp-json\/wp\/v2\/users\/1"}],"replies":[{"embeddable":true,"href":"https:\/\/ballarini.fr\/loic\/wp-json\/wp\/v2\/comments?post=693"}],"version-history":[{"count":1,"href":"https:\/\/ballarini.fr\/loic\/wp-json\/wp\/v2\/posts\/693\/revisions"}],"predecessor-version":[{"id":918,"href":"https:\/\/ballarini.fr\/loic\/wp-json\/wp\/v2\/posts\/693\/revisions\/918"}],"wp:attachment":[{"href":"https:\/\/ballarini.fr\/loic\/wp-json\/wp\/v2\/media?parent=693"}],"wp:term":[{"taxonomy":"category","embeddable":true,"href":"https:\/\/ballarini.fr\/loic\/wp-json\/wp\/v2\/categories?post=693"},{"taxonomy":"post_tag","embeddable":true,"href":"https:\/\/ballarini.fr\/loic\/wp-json\/wp\/v2\/tags?post=693"}],"curies":[{"name":"wp","href":"https:\/\/api.w.org\/{rel}","templated":true}]}}