{"id":445,"date":"2012-11-23T15:46:35","date_gmt":"2012-11-23T13:46:35","guid":{"rendered":"https:\/\/ballarini.fr\/?p=445"},"modified":"2022-11-09T16:00:23","modified_gmt":"2022-11-09T15:00:23","slug":"roselyne-ringoot-le-journalisme-entre-auctorialite-et-discours","status":"publish","type":"post","link":"https:\/\/ballarini.fr\/loic\/2012\/11\/23\/roselyne-ringoot-le-journalisme-entre-auctorialite-et-discours\/","title":{"rendered":"Roselyne Ringoot : \u00ab Le journalisme entre auctorialit\u00e9 et discours \u00bb"},"content":{"rendered":"<p>Ma\u00eetre de conf\u00e9rences \u00e0 l'IEP de Rennes et membre du Crape, Roselyne Ringoot travaille depuis longtemps sur l'analyse du discours et le journalisme \u2014 au moins depuis <a href=\"http:\/\/www.sudoc.fr\/041605659\" target=\"_blank\" rel=\"noopener\">sa th\u00e8se<\/a>, consacr\u00e9e aux discours journalistiques sur le printemps chinois de 1989 et soutenue en 1995. Elle a depuis r\u00e9guli\u00e8rement publi\u00e9 sur la question, proposant notamment une tr\u00e8s pertinente m\u00e9thodologie d'analyse du discours de presse, dans un livre sur <a href=\"http:\/\/www.editions-apogee.com\/analyse-de-discours-l.html\" target=\"_blank\" rel=\"noopener\"><em>L'Analyse de discours<\/em><\/a> (2004, Apog\u00e9e, codirection avec Philippe Robert-Demontrond). Elle y posait la n\u00e9cessit\u00e9 de relier toute analyse de presse \u00e0 une \u00e9tude de la ligne \u00e9ditoriale des journaux consid\u00e9r\u00e9s. La ligne \u00e9ditoriale n'\u00e9tant pas vue, comme il en est d'usage, comme la somme des d\u00e9clarations des journalistes et \u00e9diteurs \u00e0 propos de leur journal, mais bien comme le r\u00e9sultat des diff\u00e9rentes op\u00e9rations d'\u00e9dition : comme ce qui est donn\u00e9 \u00e0 lire au lecteur. De l\u00e0 l'int\u00e9r\u00eat, pour comprendre le discours sur un \u00e9v\u00e9nement particulier, \u00e0 le mettre en perspective avec le \u00ab discours moyen \u00bb ((Le terme n'est pas tr\u00e8s heureux, il est de moi.)) du journal avant de comparer les journaux entre eux.<br \/>\nParmi les autres publications de Roselyne Ringoot, signalons aussi deux ouvrages collectifs issus des travaux du <a href=\"http:\/\/reseau-etudes-journalisme.com\/\" target=\"_blank\" rel=\"noopener\">R\u00e9seau d'\u00e9tudes sur le journalisme<\/a> : <em>Inform@ation.local, Le paysage m\u00e9diatique r\u00e9gional \u00e0 l'\u00e8re \u00e9lectronique<\/em> (2002, L'Harmattan, codirection avec B\u00e9atrice Damian, Denis Ruellan et Daniel Thierry) ((Pas de lien chez l'\u00e9diteur, dont le livre a disparu du catalogue : \u00e0 quand une r\u00e9\u00e9dition en num\u00e9rique ?)), <a href=\"http:\/\/www.pur-editions.fr\/detail.php?idOuv=1032\" target=\"_blank\" rel=\"noopener\"><em>Le Journalisme en invention<\/em><\/a> (2006, PUR, codirection avec Jean-Michel Utard) ; ainsi que, toujours avec Jean-Michel Utard, un livre qui fait le point sur <a href=\"http:\/\/www.editions-harmattan.fr\/index.asp?navig=catalogue&amp;obj=livre&amp;no=29280\" target=\"_blank\" rel=\"noopener\"><em>Les genres journalistiques <\/em><\/a>(2009, L'Harmattan).<br \/>\nBref : il ne s'agit pas ici de faire une biblio compl\u00e8te (je vous laisse chercher les articles !), mais de signaler que Roselyne Ringoot soutiendra son Habilitation \u00e0 diriger les recherches le 3 d\u00e9cembre. Je ne pourrai pas y assister, mais ce sera certainement tr\u00e8s int\u00e9ressant. En voici le r\u00e9sum\u00e9 :<\/p>\n<blockquote><p>Habilitation \u00e0 diriger des recherches en Sciences de l'information et de la communication<br \/>\n<strong>Roselyne Ringoot<\/strong><br \/>\nMa\u00eetre de conf\u00e9rences \u00e0 l'Institut d'\u00e9tudes politiques de Rennes, Centre de Recherches sur l'Action Politique en Europe, UMR 6051<br \/>\nLundi 3 d\u00e9cembre 2012, Salle du Conseil de l' IEP de Rennes,\u00a0\u00e0 15h<br \/>\nGarant : Dominique Maingueneau, Professeur \u00e0 l'Universit\u00e9 Paris-Sorbonne<br \/>\n<strong>Le journalisme entre auctorialit\u00e9 et discours<\/strong><br \/>\n<em><strong>Le journal auteur collectif et la profession auteur g\u00e9n\u00e9rique, le discours et la discursivit\u00e9 journalistiques<\/strong><\/em><br \/>\nJury<br \/>\n<strong>Jean Charron<\/strong>, Professeur en Sciences de l'information et de la communication, Universit\u00e9 de Laval-Qu\u00e9bec (rapporteur)<br \/>\n<strong>Dominique Maingueneau<\/strong>, Professeur en Sciences du langage, Universit\u00e9 de Paris 4<br \/>\n<strong>Caroline Ollivier-Yaniv<\/strong>, Professeure en Sciences de l'information et de la communication, Universit\u00e9 de Paris 12 (rapporteure)<br \/>\n<strong>Denis Ruellan<\/strong>, Professeur en Sciences de l'information et de la communication, Universit\u00e9 de Rennes 1<br \/>\n<strong>Jean-Fran\u00e7ois T\u00e9tu<\/strong>, Professeur \u00e9m\u00e9rite en Sciences de l'information et de la communication, Institut d'\u00e9tudes politiques de Lyon (rapporteur)<br \/>\nR\u00e9sum\u00e9<br \/>\nEn probl\u00e9matisant le journalisme par l'auctorialit\u00e9, il s'agit d'ouvrir de nouveaux pans de recherche dans les \u00e9tudes sur le journalisme au sein desquelles l'auteur est circonscrit \u00e0 la dimension juridique, ainsi que dans le domaine sp\u00e9cifique de l'analyse du discours journalistique, duquel l'auteur est quasi absent. La premi\u00e8re partie de ce travail d'HDR concerne l'auctorialit\u00e9 collective du journal articul\u00e9e \u00e0 l'identit\u00e9 \u00e9ditoriale. Le journal, forme premi\u00e8re du journalisme qui perdure dans tous les supports m\u00e9diatiques y compris les plus r\u00e9cents (le web, les tablettes, les applications mobiles), est envisag\u00e9 en tant qu'auteur collectif. La seconde partie appr\u00e9hende les cadres du discours journalistique et du discours des journalistes qui instruisent la professionnalit\u00e9. S'il s'agit l\u00e0 aussi d'une forme collective de l'auctorialit\u00e9, elle se diff\u00e9rencie de la pr\u00e9c\u00e9dente et s'analyse \u00e0 partir d'autres productions dont celles des th\u00e9ories indig\u00e8nes de l'\u00e9criture journalistique. En traitant la question de l'\u00e9thos journalistique, je consid\u00e8re la profession en tant qu'auteur g\u00e9n\u00e9rique. La troisi\u00e8me et derni\u00e8re partie porte sur la conceptualisation du journalisme par le discours, travaill\u00e9e notamment \u00e0 partir des concepts foucaldiens de formation discursive et de dispersion. Situant l'autorit\u00e9 et la l\u00e9gitimit\u00e9 de la parole journalistique dans l'espace public en fonction de discours connexes, j'interroge l'instauration de l'auctorialit\u00e9 sp\u00e9cifique au journalisme.<br \/>\nLes livres journalistiques, qui ont impuls\u00e9 cette probl\u00e9matisation et qui constituent l'objet de mes recherches en cours et \u00e0 venir, condensent et diversifient les interrogations portant sur la discursivit\u00e9 du journalisme. Pour autant, je n'associe pas la prolif\u00e9ration des livres journalistiques \u00e0 une revanche suppos\u00e9e des journalistes qui seraient obnubil\u00e9s par l'annexion d'un territoire a priori r\u00e9serv\u00e9 \u00e0 d'autres qu'eux, plus aptes \u00e0 remplir les conditions d'une auctorialit\u00e9 de prestige li\u00e9e \u00e0 la production d'une \u0153uvre. La banalisation des livres journalistiques semble davantage li\u00e9e \u00e0 une revendication d\u00e9complex\u00e9e d'un statut d'auteur journaliste, motiv\u00e9e par un enjeu professionnel qui consiste \u00e0 int\u00e9grer le livre dans le p\u00e9rim\u00e8tre des savoir faire du m\u00e9tier. Aujourd'hui produit p\u00e9rissable con\u00e7u dans des strat\u00e9gies d'\u00e9dition, le livre fait l'objet d' une planification \u00e0 court ou moyen terme et d'une diffusion soumise \u00e0 la logique \u00e9v\u00e9nementielle. Dans cette perspective, le livre ne d\u00e9roge pas \u00e0 l'ordre du discours journalistique et \u00e0 sa dispersion, il recompose en revanche les modalit\u00e9s auctoriales du journalisme, entre auteur individu\u00e9, auteur collectif et auteur g\u00e9n\u00e9rique.<\/p><\/blockquote>\n","protected":false},"excerpt":{"rendered":"<p>Ma\u00eetre de conf\u00e9rences \u00e0 l'IEP de Rennes et membre du Crape, Roselyne Ringoot travaille depuis longtemps sur l'analyse du discours et le journalisme \u2014 au moins depuis sa th\u00e8se, consacr\u00e9e aux discours journalistiques sur le printemps chinois de 1989 et soutenue en 1995. Elle a depuis r\u00e9guli\u00e8rement publi\u00e9 sur la question, proposant notamment une tr\u00e8s [&hellip;]<\/p>\n","protected":false},"author":1,"featured_media":0,"comment_status":"open","ping_status":"open","sticky":false,"template":"","format":"standard","meta":{"footnotes":""},"categories":[3],"tags":[31,45,65],"class_list":["post-445","post","type-post","status-publish","format-standard","hentry","category-agenda","tag-discours","tag-journalisme","tag-roselyne-ringoot"],"_links":{"self":[{"href":"https:\/\/ballarini.fr\/loic\/wp-json\/wp\/v2\/posts\/445","targetHints":{"allow":["GET"]}}],"collection":[{"href":"https:\/\/ballarini.fr\/loic\/wp-json\/wp\/v2\/posts"}],"about":[{"href":"https:\/\/ballarini.fr\/loic\/wp-json\/wp\/v2\/types\/post"}],"author":[{"embeddable":true,"href":"https:\/\/ballarini.fr\/loic\/wp-json\/wp\/v2\/users\/1"}],"replies":[{"embeddable":true,"href":"https:\/\/ballarini.fr\/loic\/wp-json\/wp\/v2\/comments?post=445"}],"version-history":[{"count":1,"href":"https:\/\/ballarini.fr\/loic\/wp-json\/wp\/v2\/posts\/445\/revisions"}],"predecessor-version":[{"id":933,"href":"https:\/\/ballarini.fr\/loic\/wp-json\/wp\/v2\/posts\/445\/revisions\/933"}],"wp:attachment":[{"href":"https:\/\/ballarini.fr\/loic\/wp-json\/wp\/v2\/media?parent=445"}],"wp:term":[{"taxonomy":"category","embeddable":true,"href":"https:\/\/ballarini.fr\/loic\/wp-json\/wp\/v2\/categories?post=445"},{"taxonomy":"post_tag","embeddable":true,"href":"https:\/\/ballarini.fr\/loic\/wp-json\/wp\/v2\/tags?post=445"}],"curies":[{"name":"wp","href":"https:\/\/api.w.org\/{rel}","templated":true}]}}