{"id":204,"date":"2011-10-27T20:48:14","date_gmt":"2011-10-27T19:48:14","guid":{"rendered":"https:\/\/ballarini.fr\/?p=204"},"modified":"2022-11-09T16:00:23","modified_gmt":"2022-11-09T15:00:23","slug":"medias-et-migrations-dans-lespace-euro-mediterraneen","status":"publish","type":"post","link":"https:\/\/ballarini.fr\/loic\/2011\/10\/27\/medias-et-migrations-dans-lespace-euro-mediterraneen\/","title":{"rendered":"M\u00e9dias et migrations dans l\u2019espace euro-m\u00e9diterran\u00e9en"},"content":{"rendered":"<p style=\"text-align: justify;\"><a href=\"https:\/\/ballarini.fr\/loic\/wp-content\/uploads\/2012\/01\/Affiche-2-Johan-van-Elk-1.jpg\"><img loading=\"lazy\" decoding=\"async\" class=\"size-medium wp-image-206 alignright\" title=\"M\u00e9dias et migrations dans l\u2019espace euro-m\u00e9diterran\u00e9en \u2014 affiche (merci \u00e0 Johan van Elk pour la photo)\" src=\"https:\/\/ballarini.fr\/wp-content\/uploads\/2012\/01\/Affiche-2-Johan-van-Elk-211x300.jpg\" alt=\"M\u00e9dias et migrations dans l\u2019espace euro-m\u00e9diterran\u00e9en \u2014 affiche (merci \u00e0 Johan van Elk pour la photo)\" width=\"211\" height=\"300\" \/><\/a>\u00c7a y est ! Le programme du colloque <a href=\"http:\/\/mediamigraterra.sciencesconf.org\/\" target=\"_blank\" rel=\"noopener\"><em>M\u00e9dias et migrations dans l\u2019espace euro-m\u00e9diterran\u00e9en<\/em><\/a> est pr\u00eat. Deux grosses journ\u00e9es de d\u00e9bats nous attendent les 17 et 18 novembre au Centre Pierre-Sabbagh de l\u2019Ina, dans le 13<sup>e<\/sup> arrondissement de Paris. Avec Tristan Mattelart, qui en assure la direction scientifique, je me suis occup\u00e9 de son organisation. Pas toujours facile de faire co\u00efncider les contraintes des r\u00e9servations d\u2019avion, qui doivent se faire rapidement sous peine de voir les tarifs augmenter g\u00e9n\u00e9reusement, et les contraintes de l\u2019universit\u00e9, dont les lignes budg\u00e9taires mettent parfois du temps \u00e0 \u00eatre abond\u00e9es. Tout le monde a fait ce qu\u2019il a pu pour s\u2019accommoder de ce syst\u00e8me et, apr\u00e8s quelques sueurs froides, \u00e7a roule. Cela valait la peine : disposant d\u2019un financement de l\u2019ANR (c\u2019\u00e9tait un programme de recherches sur trois ans), nous avons pu inviter tout le monde. D\u00e9placement et h\u00e9bergement pay\u00e9s par l\u2019organisation du colloque : si cela pouvait arriver plus souvent\u2026 Bref, je suis en mesure d\u2019annoncer que, non seulement il y a un programme, mais qu\u2019en plus, les conf\u00e9renciers seront l\u00e0 ((Sauf emp\u00eachement de derni\u00e8re minute, \u00e9videmment.)) ! Pour faire connaissance, c\u2019est <a href=\"https:\/\/ballarini.fr\/loic\/wp-content\/uploads\/2012\/01\/mediamigraterra-prog-1.pdf\">par ici<\/a>.<\/p>\n","protected":false},"excerpt":{"rendered":"<p>\u00c7a y est ! Le programme du colloque M\u00e9dias et migrations dans l\u2019espace euro-m\u00e9diterran\u00e9en est pr\u00eat. Deux grosses journ\u00e9es de d\u00e9bats nous attendent les 17 et 18 novembre au Centre Pierre-Sabbagh de l\u2019Ina, dans le 13e arrondissement de Paris. Avec Tristan Mattelart, qui en assure la direction scientifique, je me suis occup\u00e9 de son organisation. [&hellip;]<\/p>\n","protected":false},"author":1,"featured_media":0,"comment_status":"open","ping_status":"open","sticky":false,"template":"","format":"standard","meta":{"footnotes":""},"categories":[3],"tags":[],"class_list":["post-204","post","type-post","status-publish","format-standard","hentry","category-agenda"],"_links":{"self":[{"href":"https:\/\/ballarini.fr\/loic\/wp-json\/wp\/v2\/posts\/204","targetHints":{"allow":["GET"]}}],"collection":[{"href":"https:\/\/ballarini.fr\/loic\/wp-json\/wp\/v2\/posts"}],"about":[{"href":"https:\/\/ballarini.fr\/loic\/wp-json\/wp\/v2\/types\/post"}],"author":[{"embeddable":true,"href":"https:\/\/ballarini.fr\/loic\/wp-json\/wp\/v2\/users\/1"}],"replies":[{"embeddable":true,"href":"https:\/\/ballarini.fr\/loic\/wp-json\/wp\/v2\/comments?post=204"}],"version-history":[{"count":1,"href":"https:\/\/ballarini.fr\/loic\/wp-json\/wp\/v2\/posts\/204\/revisions"}],"predecessor-version":[{"id":945,"href":"https:\/\/ballarini.fr\/loic\/wp-json\/wp\/v2\/posts\/204\/revisions\/945"}],"wp:attachment":[{"href":"https:\/\/ballarini.fr\/loic\/wp-json\/wp\/v2\/media?parent=204"}],"wp:term":[{"taxonomy":"category","embeddable":true,"href":"https:\/\/ballarini.fr\/loic\/wp-json\/wp\/v2\/categories?post=204"},{"taxonomy":"post_tag","embeddable":true,"href":"https:\/\/ballarini.fr\/loic\/wp-json\/wp\/v2\/tags?post=204"}],"curies":[{"name":"wp","href":"https:\/\/api.w.org\/{rel}","templated":true}]}}