{"id":124,"date":"2011-07-18T11:32:24","date_gmt":"2011-07-18T10:32:24","guid":{"rendered":"https:\/\/ballarini.fr\/?p=124"},"modified":"2022-11-09T16:00:23","modified_gmt":"2022-11-09T15:00:23","slug":"palmares-des-hopitaux-et-sante-publique","status":"publish","type":"post","link":"https:\/\/ballarini.fr\/loic\/2011\/07\/18\/palmares-des-hopitaux-et-sante-publique\/","title":{"rendered":"Palmar\u00e8s des h\u00f4pitaux et sant\u00e9 publique"},"content":{"rendered":"<p style=\"text-align: justify;\"><a href=\"https:\/\/ballarini.fr\/loic\/wp-content\/uploads\/2012\/01\/conscruction-et-orientation-couv-web-1.jpg\"><img loading=\"lazy\" decoding=\"async\" class=\"size-medium wp-image-126 alignright\" title=\"Romeyer H\u00e9l\u00e8ne (dir.), 2010. La sant\u00e9 dans l\u2019espace public, Rennes : Presses de l\u2019\u00c9cole des hautes \u00e9tudes en sant\u00e9 publique, coll. \u00ab communication sant\u00e9 social \u00bb, 216 p.\" src=\"https:\/\/ballarini.fr\/wp-content\/uploads\/2012\/01\/conscruction-et-orientation-couv-web-200x300.jpg\" alt=\"Romeyer H\u00e9l\u00e8ne (dir.), 2010. La sant\u00e9 dans l\u2019espace public, Rennes : Presses de l\u2019\u00c9cole des hautes \u00e9tudes en sant\u00e9 publique, coll. \u00ab communication sant\u00e9 social \u00bb\" width=\"200\" height=\"300\" \/><\/a>Mon article \u00ab <strong>Construction et orientation du d\u00e9bat public : l\u2019\u00e9tablissement d\u2019un discours dominant sur la qualit\u00e9 des soins \u00e0 travers les \u201cPalmar\u00e8s des h\u00f4pitaux\u201d<\/strong> \u00bb, publi\u00e9 dans le livre<a title=\"aux Presses de l\u2019EHESP\" href=\"http:\/\/www.presses.ehesp.fr\/index.php?page=shop.product_details&amp;flypage=ehesp01.tpl&amp;product_id=250&amp;category_id=61&amp;option=com_virtuemart&amp;Itemid=121\" target=\"_blank\" rel=\"noopener\"> <em>La Sant\u00e9 dans l\u2019espace public<\/em><\/a> dirig\u00e9 par H\u00e9l\u00e8ne Romeyer, est d\u00e9sormais <a href=\"http:\/\/archivesic.ccsd.cnrs.fr\/sic_00609254\/fr\/\" target=\"_blank\" rel=\"noopener\">disponible sur HAL<\/a>.<\/p>\n<p style=\"text-align: justify;\">Ce texte interroge le r\u00f4le des palmar\u00e8s des h\u00f4pitaux, publi\u00e9s en France depuis 1998, en tant qu\u2019\u00e9l\u00e9ments de construction des enjeux du d\u00e9bat public autour de la qualit\u00e9 des soins. J\u2019y examine les conditions de naissance et d\u2019\u00e9volution des palmar\u00e8s \u00e0 la lumi\u00e8re des relations entre le champ de la sant\u00e9 et celui des m\u00e9dias. Destin\u00e9 \u00e0 consacrer une certaine forme d\u2019excellence li\u00e9e \u00e0 une rationalit\u00e9 technique et \u00e9conomique, ce type d\u2019enqu\u00eate est rendu possible par l\u2019\u00e9tablissement de liens privil\u00e9gi\u00e9s entre un groupe de journalistes et de m\u00e9decins qui partagent une vision de l\u2019h\u00f4pital con\u00e7u comme une entreprise devant avant tout \u00eatre rentable.<\/p>\n<p style=\"text-align: justify;\">L\u2019analyse d\u00e9taill\u00e9e du contenu et des sources du premier de ces palmar\u00e8s fait appara\u00eetre un arri\u00e8re-plan id\u00e9ologique bien \u00e9loign\u00e9 de l\u2019id\u00e9al de transparence revendiqu\u00e9 par ses auteurs. L\u2019\u00e9tude de sa r\u00e9ception par la presse de l\u2019\u00e9poque montre pourtant que le \u00ab coup \u00bb m\u00e9diatique a parfaitement fonctionn\u00e9, puisque ni la m\u00e9thodologie des palmar\u00e8s, ni les pr\u00e9suppos\u00e9s qui pr\u00e9sident \u00e0 leur \u00e9laboration, ni l\u2019\u00e9vidente proximit\u00e9 de leurs conclusions avec l\u2019\u00e9volution des politiques publiques de gestion de la sant\u00e9 n\u2019ont jamais \u00e9t\u00e9 discut\u00e9s.<\/p>\n<p style=\"text-align: justify;\">Replacer l\u2019\u00e9tude des palmar\u00e8s des h\u00f4pitaux dans le contexte plus g\u00e9n\u00e9ral des r\u00e9formes n\u00e9olib\u00e9rales conduit <em>in fine<\/em> \u00e0 s\u2019interroger sur les processus de mise en place et d\u2019animation d\u2019un espace public partiel (concernant la qualit\u00e9 des soins) et partial (travers\u00e9 par un discours pr\u00e9sent\u00e9 comme naturel et h\u00e9t\u00e9rodoxe, mais orient\u00e9 en fonction d\u2019int\u00e9r\u00eats particuliers et dont la vocation est d\u2019imposer une vision dominante).<\/p>\n","protected":false},"excerpt":{"rendered":"<p>Mon article \u00ab Construction et orientation du d\u00e9bat public : l\u2019\u00e9tablissement d\u2019un discours dominant sur la qualit\u00e9 des soins \u00e0 travers les \u201cPalmar\u00e8s des h\u00f4pitaux\u201d \u00bb, publi\u00e9 dans le livre La Sant\u00e9 dans l\u2019espace public dirig\u00e9 par H\u00e9l\u00e8ne Romeyer, est d\u00e9sormais disponible sur HAL. Ce texte interroge le r\u00f4le des palmar\u00e8s des h\u00f4pitaux, publi\u00e9s en [&hellip;]<\/p>\n","protected":false},"author":1,"featured_media":0,"comment_status":"open","ping_status":"open","sticky":false,"template":"","format":"standard","meta":{"footnotes":""},"categories":[10],"tags":[],"class_list":["post-124","post","type-post","status-publish","format-standard","hentry","category-publications"],"_links":{"self":[{"href":"https:\/\/ballarini.fr\/loic\/wp-json\/wp\/v2\/posts\/124","targetHints":{"allow":["GET"]}}],"collection":[{"href":"https:\/\/ballarini.fr\/loic\/wp-json\/wp\/v2\/posts"}],"about":[{"href":"https:\/\/ballarini.fr\/loic\/wp-json\/wp\/v2\/types\/post"}],"author":[{"embeddable":true,"href":"https:\/\/ballarini.fr\/loic\/wp-json\/wp\/v2\/users\/1"}],"replies":[{"embeddable":true,"href":"https:\/\/ballarini.fr\/loic\/wp-json\/wp\/v2\/comments?post=124"}],"version-history":[{"count":1,"href":"https:\/\/ballarini.fr\/loic\/wp-json\/wp\/v2\/posts\/124\/revisions"}],"predecessor-version":[{"id":951,"href":"https:\/\/ballarini.fr\/loic\/wp-json\/wp\/v2\/posts\/124\/revisions\/951"}],"wp:attachment":[{"href":"https:\/\/ballarini.fr\/loic\/wp-json\/wp\/v2\/media?parent=124"}],"wp:term":[{"taxonomy":"category","embeddable":true,"href":"https:\/\/ballarini.fr\/loic\/wp-json\/wp\/v2\/categories?post=124"},{"taxonomy":"post_tag","embeddable":true,"href":"https:\/\/ballarini.fr\/loic\/wp-json\/wp\/v2\/tags?post=124"}],"curies":[{"name":"wp","href":"https:\/\/api.w.org\/{rel}","templated":true}]}}